{"id":425,"date":"2022-06-15T15:36:00","date_gmt":"2022-06-15T15:36:00","guid":{"rendered":"https:\/\/ikisakin.online\/?p=425"},"modified":"2023-05-19T19:32:36","modified_gmt":"2023-05-19T19:32:36","slug":"pragda-gezilecek-yerler","status":"publish","type":"post","link":"https:\/\/ikisakin.online\/index.php\/2022\/06\/15\/pragda-gezilecek-yerler\/","title":{"rendered":"Prag`da Gezilecek Yerler"},"content":{"rendered":"<div class=\"wp-block-image\">\n<figure class=\"aligncenter size-full is-resized\"><img decoding=\"async\" loading=\"lazy\" src=\"https:\/\/ikisakin.online\/wp-content\/uploads\/2023\/02\/IMG_6966-edited.jpg\" alt=\"\" class=\"wp-image-446\" width=\"713\" height=\"535\" srcset=\"https:\/\/ikisakin.online\/wp-content\/uploads\/2023\/02\/IMG_6966-edited.jpg 1426w, https:\/\/ikisakin.online\/wp-content\/uploads\/2023\/02\/IMG_6966-edited-300x225.jpg 300w, https:\/\/ikisakin.online\/wp-content\/uploads\/2023\/02\/IMG_6966-edited-1024x768.jpg 1024w, https:\/\/ikisakin.online\/wp-content\/uploads\/2023\/02\/IMG_6966-edited-768x576.jpg 768w, https:\/\/ikisakin.online\/wp-content\/uploads\/2023\/02\/IMG_6966-edited-600x450.jpg 600w\" sizes=\"(max-width: 713px) 100vw, 713px\" \/><figcaption class=\"wp-element-caption\">Tyn Klilisesi<\/figcaption><\/figure><\/div>\n\n\n<p class=\"has-medium-font-size\">Prag, \u00fcniversite y\u0131llar\u0131nda en \u00e7ok gitmek istedi\u011fim Avrupa \u00fclkesiydi. Tarihi yap\u0131lar\u0131, foto\u011fraflardaki ihti\u015fam\u0131 \u00e7ok b\u00fcy\u00fcl\u00fc bi \u015fehir hissi vermi\u015fti bana. O y\u00fczden spontan bi kararla bi \u00e7\u0131lg\u0131nl\u0131k yap\u0131p, <a href=\"https:\/\/www.flixbus.co.uk\" data-type=\"URL\" data-id=\"https:\/\/www.flixbus.co.uk\" target=\"_blank\" rel=\"noreferrer noopener\">flixbus <\/a>firmalar\u0131n\u0131n otob\u00fcsleriyle cuma ak\u015fam\u0131 Frankfurt`tan yola \u00e7\u0131kt\u0131k. 2 g\u00fcnl\u00fck&nbsp; bi hafta sonu i\u00e7in gezi planlad\u0131k. Bu otob\u00fcsler iki katl\u0131 ve en \u00f6nemlisi uygun fiyatl\u0131. \u00d6zellikle \u00f6nceden al\u0131rsan\u0131z biletleri baya uyguna geliyor.&nbsp;<\/p>\n\n\n\n<p class=\"has-medium-font-size\">&nbsp;Dipnot: Avrupada t\u00fcm \u00fclkelere, \u015fehirlere bu otob\u00fcslerle uygun fiyatlarla ula\u015f\u0131m sa\u011flayabilirsiniz.&nbsp;&nbsp;<\/p>\n\n\n\n<p class=\"has-medium-font-size\">Biz gece yolculu\u011funu otob\u00fcste uyuyarak planlad\u0131k. Ertesi g\u00fcn i\u00e7in de son anda planlad\u0131\u011f\u0131m\u0131z bi gezi oldu\u011fu i\u00e7in merkeze bi t\u0131k uzakta bi otelde konaklad\u0131k. <a rel=\"noreferrer noopener\" href=\"https:\/\/www.booking.com\/hotel\/cz\/fortunarhea.tr.html\" data-type=\"URL\" data-id=\"https:\/\/www.booking.com\/hotel\/cz\/fortunarhea.tr.html\" target=\"_blank\">Bookingden<\/a> buldu\u011fumuz otel olduk\u00e7a b\u00fcy\u00fck bi tesis ve bi \u00e7ok opsiyon mevcut. 6-8 ki\u015filik uygun fiyatl\u0131 odalarda mevcut. Biz iki ki\u015filik odada geceli\u011fi 50 euroya kald\u0131k.&nbsp;<\/p>\n\n\n\n<p class=\"has-medium-font-size\">Tip: Merkezde konaklamak Prag da daha mant\u0131kl\u0131. \u00c7\u00fcnk\u00fc gezilecek yerler genelde bir yerde toplanm\u0131\u015f. B\u00f6ylece y\u00fcr\u00fcyerek heryeri gezebilirsiniz. Tabiki gezide yoruldum diye s\u00fcrekli \u015fikayet edenlerdenseniz s\u00f6z\u00fcm\u00fcz size de\u011fil ;). Gezi mevzu bahis olunca yorgunlu\u011fu unutanlar buraya toplans\u0131n:) <\/p>\n\n\n\n<p class=\"has-medium-font-size\">\u0130lk g\u00fcn ak\u015fam\u0131n\u0131 b\u00f6ylece yolda uyuyarak ge\u00e7irmi\u015f olduk. Resmen g\u00f6z\u00fcm\u00fcz\u00fc Prag&#8217;da a\u00e7t\u0131k diyebiliriz. Sabah 7 civar\u0131 Prag` a inmi\u015ftik.&nbsp;<\/p>\n\n\n\n<p class=\"has-medium-font-size\">Vee ay\u0131lmak i\u00e7in kahvelerimizi i\u00e7ip gezimize ba\u015flayal\u0131m\u2026<\/p>\n\n\n\n<p><\/p>\n\n\n\n<p class=\"has-medium-font-size\">Prag`\u0131n&nbsp; eski \u015fehir k\u0131sm\u0131nda, sokak aralar\u0131nda \u015fehrin ilk uyan\u0131\u015f\u0131n\u0131 soluduk. Sabah saatlerinde turist yo\u011funlu\u011funun az olmas\u0131ndan dolay\u0131, tenha sokaklar\u0131n bi ka\u00e7 saate birbirine \u00e7arparak ilerleyen bi kalabal\u0131\u011fa d\u00f6n\u00fc\u015fece\u011fine d\u00fc\u015f\u00fcnmemi\u015ftik. \ud83d\ude00 Bu arada buraya tarihi anlamda g\u00f6r\u00fclmesi gereken ba\u015fl\u0131ca yerleri ekliyece\u011fiz. Ancak Prag`daki ara sokaklara bile tarih i\u015flenmi\u015f. Tramvayla ara sokaklara bizim gibi vaktiniz k\u0131s\u0131tl\u0131ysa turlayabilirisiniz. <\/p>\n\n\n\n<p><\/p>\n\n\n\n<p class=\"has-medium-font-size\">Praha-Staromestske Namesti: 14.yy dayanan Prag`\u0131n en eski meydan\u0131.&nbsp;<\/p>\n\n\n\n<div class=\"is-layout-flex wp-container-3 wp-block-columns\">\n<div class=\"is-layout-flow wp-block-column\">\n<figure class=\"wp-block-image size-full is-resized\"><img decoding=\"async\" loading=\"lazy\" src=\"https:\/\/ikisakin.online\/wp-content\/uploads\/2023\/02\/DJI_20220507_091757_950-2.jpg\" alt=\"\" class=\"wp-image-444\" width=\"413\" height=\"377\" srcset=\"https:\/\/ikisakin.online\/wp-content\/uploads\/2023\/02\/DJI_20220507_091757_950-2.jpg 2048w, https:\/\/ikisakin.online\/wp-content\/uploads\/2023\/02\/DJI_20220507_091757_950-2-300x274.jpg 300w, https:\/\/ikisakin.online\/wp-content\/uploads\/2023\/02\/DJI_20220507_091757_950-2-1024x934.jpg 1024w, https:\/\/ikisakin.online\/wp-content\/uploads\/2023\/02\/DJI_20220507_091757_950-2-768x701.jpg 768w, https:\/\/ikisakin.online\/wp-content\/uploads\/2023\/02\/DJI_20220507_091757_950-2-1536x1401.jpg 1536w, https:\/\/ikisakin.online\/wp-content\/uploads\/2023\/02\/DJI_20220507_091757_950-2-600x547.jpg 600w\" sizes=\"(max-width: 413px) 100vw, 413px\" \/><figcaption class=\"wp-element-caption\">Astronomik Saat Kulesi<\/figcaption><\/figure>\n<\/div>\n\n\n\n<div class=\"is-layout-flow wp-block-column\">\n<figure class=\"wp-block-image size-full is-resized\"><img decoding=\"async\" loading=\"lazy\" src=\"https:\/\/ikisakin.online\/wp-content\/uploads\/2023\/02\/IMG_5669-2.jpg\" alt=\"\" class=\"wp-image-443\" width=\"424\" height=\"375\" srcset=\"https:\/\/ikisakin.online\/wp-content\/uploads\/2023\/02\/IMG_5669-2.jpg 2048w, https:\/\/ikisakin.online\/wp-content\/uploads\/2023\/02\/IMG_5669-2-300x265.jpg 300w, https:\/\/ikisakin.online\/wp-content\/uploads\/2023\/02\/IMG_5669-2-1024x906.jpg 1024w, https:\/\/ikisakin.online\/wp-content\/uploads\/2023\/02\/IMG_5669-2-768x679.jpg 768w, https:\/\/ikisakin.online\/wp-content\/uploads\/2023\/02\/IMG_5669-2-1536x1358.jpg 1536w, https:\/\/ikisakin.online\/wp-content\/uploads\/2023\/02\/IMG_5669-2-600x531.jpg 600w\" sizes=\"(max-width: 424px) 100vw, 424px\" \/><figcaption class=\"wp-element-caption\">Tyn Kilisesi<\/figcaption><\/figure>\n<\/div>\n<\/div>\n\n\n\n<p class=\"has-medium-font-size\">Burada tarihi bir\u00e7ok yap\u0131 bulunuyor ba\u015fl\u0131calar\u0131;<\/p>\n\n\n\n<p class=\"has-medium-font-size\"><strong>Aziz Nikolaos Kilisesi, Tyn Kilisesi<\/strong> ve 15. yy da in\u015fa edilen d\u00fcnyan\u0131n en eski 3. astronomik saati bu meydanda mutlaka g\u00f6r\u00fclmesi gerekenlerden. Astronomik saat kulesi saat ba\u015f\u0131 \u00e7anlar\u0131 \u00e7alarken, mekanizmas\u0131n\u0131n de\u011fi\u015fme an\u0131na \u015fahit olabilirsiniz. Saat ba\u015flar\u0131 bir\u00e7ok turist de bizim gibi saati inceliyordu.<\/p>\n\n\n\n<p class=\"has-medium-font-size\">&nbsp;<strong>Astronomik saat kulesi<\/strong> ; Saatinin \u00fczerinde bir\u00e7ok sembolle saati, tarihi, g\u00fcne\u015fin, ay\u0131n ve d\u00fcnyan\u0131n konumlar\u0131n\u0131, hatta g\u00fcne\u015fin do\u011fu\u015fu ve bat\u0131\u015f\u0131n\u0131 g\u00f6steriyor. A\u00e7\u0131k\u00e7as\u0131 bizi as\u0131rlar \u00f6nceki bilimin bu denli ilerlemi\u015f olmas\u0131 \u00e7ok etkiledi.&nbsp;<\/p>\n\n\n<div class=\"wp-block-image\">\n<figure class=\"alignleft size-full is-resized\"><img decoding=\"async\" loading=\"lazy\" src=\"https:\/\/ikisakin.online\/wp-content\/uploads\/2023\/02\/IMG_5729.jpg\" alt=\"\" class=\"wp-image-438\" width=\"384\" height=\"512\" srcset=\"https:\/\/ikisakin.online\/wp-content\/uploads\/2023\/02\/IMG_5729.jpg 1536w, https:\/\/ikisakin.online\/wp-content\/uploads\/2023\/02\/IMG_5729-225x300.jpg 225w, https:\/\/ikisakin.online\/wp-content\/uploads\/2023\/02\/IMG_5729-768x1024.jpg 768w, https:\/\/ikisakin.online\/wp-content\/uploads\/2023\/02\/IMG_5729-1152x1536.jpg 1152w, https:\/\/ikisakin.online\/wp-content\/uploads\/2023\/02\/IMG_5729-600x800.jpg 600w\" sizes=\"(max-width: 384px) 100vw, 384px\" \/><figcaption class=\"wp-element-caption\">Klementinum<\/figcaption><\/figure><\/div>\n\n\n<p class=\"has-medium-font-size\">Eski \u015fehrin ilerisinde Ulusal \u00c7ek Cumhuriyeti&#8217;nin k\u00fct\u00fcphanesi bulunuyor ; Buraya rehber e\u015fli\u011finde gruplarla gezebiliyorsunuz. Bileti hemen giri\u015fte bulunan gi\u015feden alabilirsiniz.  Kitaplar\u0131n yar\u0131s\u0131, k\u00fct\u00fcphanenin merkezi olan tarihi <strong>Klementinum<\/strong> da bulunuyor. <\/p>\n\n\n\n<p class=\"has-medium-font-size\">Rehberden \u00f6\u011frendiklerimize g\u00f6re, burasi 18. yy kadar \u00fcniversite olarak kullan\u0131l\u0131yormu\u015f. D\u00f6nemin kral\u0131, Danimarkal\u0131 ve Alman astronomi bilim adamlar\u0131n\u0131 davet edip, astronomi alan\u0131nda o d\u00f6nemlerde olduk\u00e7a yat\u0131r\u0131m yapm\u0131\u015f. \u00dcst kat\u0131ndaki barok tarz\u0131 k\u00fct\u00fcphanenin ihti\u015fam\u0131 kesinlikle g\u00f6r\u00fclmeli. Bize sanki Harry Potter filmindeymi\u015f hissi uyand\u0131rd\u0131 buras\u0131.<\/p>\n\n\n\n<p><\/p>\n\n\n\n<p class=\"has-medium-font-size\">En son en \u00fcst kat\u0131nda bulunan g\u00f6zlem kulesine \u00e7\u0131k\u0131yorsunuz. Prag manzaras\u0131n\u0131 her a\u00e7\u0131dan g\u00f6rebilme \u015fans\u0131n\u0131z var. Bizim i\u00e7in sanki tarihi bi yolculuk oldu Klementinum turu. Bu binadan \u00e7\u0131k\u0131nca insan hemen kendine gelemiyor. <\/p>\n\n\n\n<div class=\"is-layout-flex wp-container-6 wp-block-columns\">\n<div class=\"is-layout-flow wp-block-column\">\n<figure class=\"wp-block-image size-full is-resized\"><img decoding=\"async\" loading=\"lazy\" src=\"https:\/\/ikisakin.online\/wp-content\/uploads\/2023\/02\/IMG_5753.jpg\" alt=\"\" class=\"wp-image-440\" width=\"384\" height=\"512\" srcset=\"https:\/\/ikisakin.online\/wp-content\/uploads\/2023\/02\/IMG_5753.jpg 1536w, https:\/\/ikisakin.online\/wp-content\/uploads\/2023\/02\/IMG_5753-225x300.jpg 225w, https:\/\/ikisakin.online\/wp-content\/uploads\/2023\/02\/IMG_5753-768x1024.jpg 768w, https:\/\/ikisakin.online\/wp-content\/uploads\/2023\/02\/IMG_5753-1152x1536.jpg 1152w, https:\/\/ikisakin.online\/wp-content\/uploads\/2023\/02\/IMG_5753-600x800.jpg 600w\" sizes=\"(max-width: 384px) 100vw, 384px\" \/><figcaption class=\"wp-element-caption\">Klementinum<\/figcaption><\/figure>\n<\/div>\n\n\n\n<div class=\"is-layout-flow wp-block-column\">\n<figure class=\"wp-block-image size-full is-resized\"><img decoding=\"async\" loading=\"lazy\" src=\"https:\/\/ikisakin.online\/wp-content\/uploads\/2023\/02\/IMG_5756.jpg\" alt=\"\" class=\"wp-image-441\" width=\"384\" height=\"512\" srcset=\"https:\/\/ikisakin.online\/wp-content\/uploads\/2023\/02\/IMG_5756.jpg 1536w, https:\/\/ikisakin.online\/wp-content\/uploads\/2023\/02\/IMG_5756-225x300.jpg 225w, https:\/\/ikisakin.online\/wp-content\/uploads\/2023\/02\/IMG_5756-768x1024.jpg 768w, https:\/\/ikisakin.online\/wp-content\/uploads\/2023\/02\/IMG_5756-1152x1536.jpg 1152w, https:\/\/ikisakin.online\/wp-content\/uploads\/2023\/02\/IMG_5756-600x800.jpg 600w\" sizes=\"(max-width: 384px) 100vw, 384px\" \/><figcaption class=\"wp-element-caption\">Klementinum<\/figcaption><\/figure>\n<\/div>\n<\/div>\n\n\n\n<p class=\"has-medium-font-size\">Prag`da bi \u00e7ok g\u00f6r\u00fclmesi gereken m\u00fcze var. Biz Klementinum \u00e7ok merak etti\u011fimizden buray\u0131 se\u00e7tik ve ileride anlataca\u011f\u0131m\u0131z Prag kalesini. Sizde m\u00fczeler aras\u0131nda tercih yapacaksan\u0131z, ilk s\u0131raya bunlar\u0131 koyabilirsiniz:)&nbsp;<\/p>\n\n\n\n<div class=\"is-layout-flex wp-container-8 wp-block-columns\">\n<div class=\"is-layout-flow wp-block-column\"><div class=\"wp-block-image\">\n<figure class=\"aligncenter size-full is-resized\"><img decoding=\"async\" loading=\"lazy\" src=\"https:\/\/ikisakin.online\/wp-content\/uploads\/2023\/02\/IMG_5765.jpg\" alt=\"\" class=\"wp-image-437\" width=\"512\" height=\"384\" srcset=\"https:\/\/ikisakin.online\/wp-content\/uploads\/2023\/02\/IMG_5765.jpg 2048w, https:\/\/ikisakin.online\/wp-content\/uploads\/2023\/02\/IMG_5765-300x225.jpg 300w, https:\/\/ikisakin.online\/wp-content\/uploads\/2023\/02\/IMG_5765-1024x768.jpg 1024w, https:\/\/ikisakin.online\/wp-content\/uploads\/2023\/02\/IMG_5765-768x576.jpg 768w, https:\/\/ikisakin.online\/wp-content\/uploads\/2023\/02\/IMG_5765-1536x1152.jpg 1536w, https:\/\/ikisakin.online\/wp-content\/uploads\/2023\/02\/IMG_5765-600x450.jpg 600w\" sizes=\"(max-width: 512px) 100vw, 512px\" \/><figcaption class=\"wp-element-caption\">Klementinum G\u00f6zlem Kulesi<\/figcaption><\/figure><\/div><\/div>\n<\/div>\n\n\n\n<p class=\"has-medium-font-size\"><strong>Charles Bridge<\/strong>; 15.yy yap\u0131lan k\u00f6pr\u00fcn\u00fcn iki ucunda kule ve k\u00f6pr\u00fcn\u00fcn \u00fcst\u00fcnde 30 adet heykel bulunuyor. Buras\u0131 tam bi turistik nokta. Biz sezon aras\u0131 bi d\u00f6nemde gitmemize ra\u011fmen k\u00f6pr\u00fcn\u00fcn \u00fcst\u00fcnde yo\u011fun bi turist ak\u0131m\u0131yla ge\u00e7tik \ud83d\ude00. \u015e\u00f6yle beni tek \u00e7ek olay\u0131 pek m\u00fcmk\u00fcn de\u011fil anlayaca\u011f\u0131n\u0131z. Heykellerde bizim dikkatimizi \u00e7eken&nbsp; azizlerin aras\u0131ndaki Osmanl\u0131 heykeli oldu. Ama buradaki en \u00fcnl\u00fc heykel, Aziz John Nepomuk heykeliymi\u015f. Burada heykellerin kopyalar\u0131 sergileniyor. As\u0131lllar\u0131 \u00c7ek Ulusal M\u00fczesinde korunuyormu\u015f.&nbsp;<\/p>\n\n\n\n<div class=\"is-layout-flex wp-container-11 wp-block-columns\">\n<div class=\"is-layout-flow wp-block-column\">\n<figure class=\"wp-block-image size-full is-resized\"><img decoding=\"async\" loading=\"lazy\" src=\"https:\/\/ikisakin.online\/wp-content\/uploads\/2023\/02\/IMG_5787.jpg\" alt=\"\" class=\"wp-image-434\" width=\"402\" height=\"512\" srcset=\"https:\/\/ikisakin.online\/wp-content\/uploads\/2023\/02\/IMG_5787.jpg 1609w, https:\/\/ikisakin.online\/wp-content\/uploads\/2023\/02\/IMG_5787-236x300.jpg 236w, https:\/\/ikisakin.online\/wp-content\/uploads\/2023\/02\/IMG_5787-805x1024.jpg 805w, https:\/\/ikisakin.online\/wp-content\/uploads\/2023\/02\/IMG_5787-768x978.jpg 768w, https:\/\/ikisakin.online\/wp-content\/uploads\/2023\/02\/IMG_5787-1207x1536.jpg 1207w, https:\/\/ikisakin.online\/wp-content\/uploads\/2023\/02\/IMG_5787-600x764.jpg 600w\" sizes=\"(max-width: 402px) 100vw, 402px\" \/><figcaption class=\"wp-element-caption\">Charles K\u00f6pr\u00fcs\u00fcn\u00fcn Kulesi<\/figcaption><\/figure>\n<\/div>\n\n\n\n<div class=\"is-layout-flow wp-block-column\">\n<figure class=\"wp-block-image size-full is-resized\"><img decoding=\"async\" loading=\"lazy\" src=\"https:\/\/ikisakin.online\/wp-content\/uploads\/2023\/02\/DJI_20220507_135713_403.jpg\" alt=\"\" class=\"wp-image-435\" width=\"318\" height=\"512\" srcset=\"https:\/\/ikisakin.online\/wp-content\/uploads\/2023\/02\/DJI_20220507_135713_403.jpg 1272w, https:\/\/ikisakin.online\/wp-content\/uploads\/2023\/02\/DJI_20220507_135713_403-186x300.jpg 186w, https:\/\/ikisakin.online\/wp-content\/uploads\/2023\/02\/DJI_20220507_135713_403-636x1024.jpg 636w, https:\/\/ikisakin.online\/wp-content\/uploads\/2023\/02\/DJI_20220507_135713_403-768x1237.jpg 768w, https:\/\/ikisakin.online\/wp-content\/uploads\/2023\/02\/DJI_20220507_135713_403-954x1536.jpg 954w, https:\/\/ikisakin.online\/wp-content\/uploads\/2023\/02\/DJI_20220507_135713_403-600x966.jpg 600w\" sizes=\"(max-width: 318px) 100vw, 318px\" \/><figcaption class=\"wp-element-caption\">Charles K\u00f6pr\u00fcs\u00fcn\u00fcn \u00fcst\u00fcnde<\/figcaption><\/figure>\n<\/div>\n<\/div>\n\n\n\n<p class=\"has-medium-font-size\"><strong>John Lennon<\/strong> duvar\u0131, k\u00f6pr\u00fcn\u00fcn kar\u015f\u0131s\u0131ndaki mahallenin ara soka\u011f\u0131nda bulunan bu duvar da \u00e7ok fazla grafiti bulunuyor. Ama yinede John Lennon`un \u00f6n\u00fcnde foto\u011fraf \u00e7ekilebilirsiniz.<\/p>\n\n\n\n<p class=\"has-medium-font-size\">Vltava nehrinde g\u00fcn bat\u0131m\u0131 zaman\u0131 y\u00fcr\u00fcy\u00fc\u015f yapmal\u0131s\u0131n\u0131z. Ayn\u0131 zamanda ak\u015fam \u0131\u015f\u0131kland\u0131rmas\u0131yla da \u00e7ok g\u00fczel oluyor. Bize Prag`daki hareketlilik, \u0130stanbul`u and\u0131rd\u0131. Tabi Almanya`da ki a\u015f\u0131r\u0131 sessizlik ve ak\u015fam hareketlili\u011fin pek olmamas\u0131n\u0131n da bunda b\u00fcy\u00fck pay\u0131 olabilir. \ud83d\ude09<\/p>\n\n\n<div class=\"wp-block-image\">\n<figure class=\"aligncenter size-full is-resized\"><img decoding=\"async\" loading=\"lazy\" src=\"https:\/\/ikisakin.online\/wp-content\/uploads\/2023\/02\/IMG_5898.jpg\" alt=\"\" class=\"wp-image-433\" width=\"512\" height=\"384\" srcset=\"https:\/\/ikisakin.online\/wp-content\/uploads\/2023\/02\/IMG_5898.jpg 2048w, https:\/\/ikisakin.online\/wp-content\/uploads\/2023\/02\/IMG_5898-300x225.jpg 300w, https:\/\/ikisakin.online\/wp-content\/uploads\/2023\/02\/IMG_5898-1024x768.jpg 1024w, https:\/\/ikisakin.online\/wp-content\/uploads\/2023\/02\/IMG_5898-768x576.jpg 768w, https:\/\/ikisakin.online\/wp-content\/uploads\/2023\/02\/IMG_5898-1536x1152.jpg 1536w, https:\/\/ikisakin.online\/wp-content\/uploads\/2023\/02\/IMG_5898-600x450.jpg 600w\" sizes=\"(max-width: 512px) 100vw, 512px\" \/><figcaption class=\"wp-element-caption\">Charles K\u00f6pr\u00fcs\u00fc<\/figcaption><\/figure><\/div>\n\n\n<p class=\"has-medium-font-size\"><strong>Dancing House<\/strong>, ilgin\u00e7 mimarisiyle dikkat \u00e7eken dans eden evlerinin \u00f6n\u00fcnden ge\u00e7meyi unutmay\u0131n.<\/p>\n\n\n\n<p class=\"has-medium-font-size\"><strong>National Theatre;<\/strong> \u00c7ek Ulusal Tiyatro ve Opera binas\u0131n\u0131, ak\u015fam Vltava nehri boyunca y\u00fcr\u00fcrken g\u00f6rme f\u0131rsat\u0131m\u0131z oldu. Ve Prag&#8217;da g\u00f6r\u00fclmesi gerekenler listenize eklemelisiniz.<\/p>\n\n\n\n<div class=\"is-layout-flex wp-container-14 wp-block-columns\">\n<div class=\"is-layout-flow wp-block-column\">\n<figure class=\"wp-block-image size-full is-resized\"><img decoding=\"async\" loading=\"lazy\" src=\"https:\/\/ikisakin.online\/wp-content\/uploads\/2023\/02\/IMG_5887.jpg\" alt=\"\" class=\"wp-image-427\" width=\"383\" height=\"512\" srcset=\"https:\/\/ikisakin.online\/wp-content\/uploads\/2023\/02\/IMG_5887.jpg 1533w, https:\/\/ikisakin.online\/wp-content\/uploads\/2023\/02\/IMG_5887-225x300.jpg 225w, https:\/\/ikisakin.online\/wp-content\/uploads\/2023\/02\/IMG_5887-767x1024.jpg 767w, https:\/\/ikisakin.online\/wp-content\/uploads\/2023\/02\/IMG_5887-768x1026.jpg 768w, https:\/\/ikisakin.online\/wp-content\/uploads\/2023\/02\/IMG_5887-1150x1536.jpg 1150w, https:\/\/ikisakin.online\/wp-content\/uploads\/2023\/02\/IMG_5887-600x802.jpg 600w\" sizes=\"(max-width: 383px) 100vw, 383px\" \/><figcaption class=\"wp-element-caption\">Dancing Hause<\/figcaption><\/figure>\n<\/div>\n\n\n\n<div class=\"is-layout-flow wp-block-column\">\n<figure class=\"wp-block-image size-full is-resized\"><img decoding=\"async\" loading=\"lazy\" src=\"https:\/\/ikisakin.online\/wp-content\/uploads\/2023\/02\/IMG_5892.jpg\" alt=\"\" class=\"wp-image-428\" width=\"487\" height=\"512\" srcset=\"https:\/\/ikisakin.online\/wp-content\/uploads\/2023\/02\/IMG_5892.jpg 1947w, https:\/\/ikisakin.online\/wp-content\/uploads\/2023\/02\/IMG_5892-285x300.jpg 285w, https:\/\/ikisakin.online\/wp-content\/uploads\/2023\/02\/IMG_5892-974x1024.jpg 974w, https:\/\/ikisakin.online\/wp-content\/uploads\/2023\/02\/IMG_5892-768x808.jpg 768w, https:\/\/ikisakin.online\/wp-content\/uploads\/2023\/02\/IMG_5892-1460x1536.jpg 1460w, https:\/\/ikisakin.online\/wp-content\/uploads\/2023\/02\/IMG_5892-600x631.jpg 600w\" sizes=\"(max-width: 487px) 100vw, 487px\" \/><figcaption class=\"wp-element-caption\">National Theatre<\/figcaption><\/figure>\n<\/div>\n<\/div>\n\n\n\n<p class=\"has-medium-font-size\"><strong>Prague Castle<\/strong>, son g\u00fcn\u00fcm\u00fcz\u00fc Prag kalesine verdik diyebiliriz. En az yar\u0131m g\u00fcn buraya zaman ay\u0131rabilirsiniz. Prag kalesine giri\u015f \u00fccretsiz. Ancak i\u00e7erideki yap\u0131lar\u0131 g\u00f6rmek i\u00e7in bilet al\u0131nmas\u0131 gerekiyor.  Bir g\u00fcn \u00f6nce Prag \u015fehir merkezini gezerken bu kadar yorulmam\u0131\u015ft\u0131k:) Yinede \u00e7ok harika bi kale. Buray\u0131 mutlaka listenize eklemelisiniz.<\/p>\n\n\n\n<div class=\"is-layout-flex wp-container-17 wp-block-columns\">\n<div class=\"is-layout-flow wp-block-column\">\n<figure class=\"wp-block-image size-full is-resized\"><img decoding=\"async\" loading=\"lazy\" src=\"https:\/\/ikisakin.online\/wp-content\/uploads\/2023\/02\/IMG_5981.jpg\" alt=\"\" class=\"wp-image-430\" width=\"388\" height=\"512\" srcset=\"https:\/\/ikisakin.online\/wp-content\/uploads\/2023\/02\/IMG_5981.jpg 1552w, https:\/\/ikisakin.online\/wp-content\/uploads\/2023\/02\/IMG_5981-227x300.jpg 227w, https:\/\/ikisakin.online\/wp-content\/uploads\/2023\/02\/IMG_5981-776x1024.jpg 776w, https:\/\/ikisakin.online\/wp-content\/uploads\/2023\/02\/IMG_5981-768x1013.jpg 768w, https:\/\/ikisakin.online\/wp-content\/uploads\/2023\/02\/IMG_5981-1164x1536.jpg 1164w, https:\/\/ikisakin.online\/wp-content\/uploads\/2023\/02\/IMG_5981-600x792.jpg 600w\" sizes=\"(max-width: 388px) 100vw, 388px\" \/><figcaption class=\"wp-element-caption\">Prag Kalesi<\/figcaption><\/figure>\n<\/div>\n\n\n\n<div class=\"is-layout-flow wp-block-column\">\n<figure class=\"wp-block-image size-full is-resized\"><img decoding=\"async\" loading=\"lazy\" src=\"https:\/\/ikisakin.online\/wp-content\/uploads\/2023\/02\/IMG_6035.jpg\" alt=\"\" class=\"wp-image-432\" width=\"384\" height=\"512\" srcset=\"https:\/\/ikisakin.online\/wp-content\/uploads\/2023\/02\/IMG_6035.jpg 1536w, https:\/\/ikisakin.online\/wp-content\/uploads\/2023\/02\/IMG_6035-225x300.jpg 225w, https:\/\/ikisakin.online\/wp-content\/uploads\/2023\/02\/IMG_6035-768x1024.jpg 768w, https:\/\/ikisakin.online\/wp-content\/uploads\/2023\/02\/IMG_6035-1152x1536.jpg 1152w, https:\/\/ikisakin.online\/wp-content\/uploads\/2023\/02\/IMG_6035-600x800.jpg 600w\" sizes=\"(max-width: 384px) 100vw, 384px\" \/><figcaption class=\"wp-element-caption\">Prag Kalesi<\/figcaption><\/figure>\n<\/div>\n<\/div>\n\n\n\n<p class=\"has-medium-font-size\"><strong>\u0130\u00e7inde g\u00f6r\u00fclmesi gereken \u00e7ok eski y\u0131llara ait eserler bulunuyor ba\u015fl\u0131calar\u0131;<\/strong><\/p>\n\n\n\n<p class=\"has-medium-font-size\">13.yy dayanan <strong>Aziz Vitus Katedrali<\/strong>,&nbsp;<\/p>\n\n\n\n<p class=\"has-medium-font-size\">Prag&#8217;\u0131n en eski <strong>St. George`s Bazilikas\u0131&nbsp;<\/strong><\/p>\n\n\n\n<p class=\"has-medium-font-size\">12.yy ait <strong>Royal Kilisesi<\/strong> ve&nbsp;<\/p>\n\n\n\n<p class=\"has-medium-font-size\">Me\u015fhur <strong>Golden Lane<\/strong>, alt\u0131n yol olarak bilinen bu yoldan ge\u00e7enlerin zengin olaca\u011f\u0131na inan\u0131l\u0131yormu\u015f. Bu yoldan ge\u00e7mezsek olmazd\u0131. \ud83d\ude1c<\/p>\n\n\n\n<div class=\"is-layout-flex wp-container-19 wp-block-columns\">\n<div class=\"is-layout-flow wp-block-column\"><div class=\"wp-block-image\">\n<figure class=\"aligncenter size-full is-resized\"><img decoding=\"async\" loading=\"lazy\" src=\"https:\/\/ikisakin.online\/wp-content\/uploads\/2023\/02\/DJI_20220508_121608_154.jpg\" alt=\"\" class=\"wp-image-429\" width=\"512\" height=\"427\" srcset=\"https:\/\/ikisakin.online\/wp-content\/uploads\/2023\/02\/DJI_20220508_121608_154.jpg 2048w, https:\/\/ikisakin.online\/wp-content\/uploads\/2023\/02\/DJI_20220508_121608_154-300x250.jpg 300w, https:\/\/ikisakin.online\/wp-content\/uploads\/2023\/02\/DJI_20220508_121608_154-1024x853.jpg 1024w, https:\/\/ikisakin.online\/wp-content\/uploads\/2023\/02\/DJI_20220508_121608_154-768x640.jpg 768w, https:\/\/ikisakin.online\/wp-content\/uploads\/2023\/02\/DJI_20220508_121608_154-1536x1280.jpg 1536w, https:\/\/ikisakin.online\/wp-content\/uploads\/2023\/02\/DJI_20220508_121608_154-600x500.jpg 600w\" sizes=\"(max-width: 512px) 100vw, 512px\" \/><figcaption class=\"wp-element-caption\">Golden Lane<\/figcaption><\/figure><\/div><\/div>\n<\/div>\n\n\n\n<p class=\"has-medium-font-size\"><strong>Yeme &#8211; i\u00e7me Tavsiyeleri Gelsinn:<\/strong><\/p>\n\n\n\n<p class=\"has-medium-font-size\"><strong>Pauseteria :<\/strong> Kahvalt\u0131 i\u00e7in Prag merkezde \u00e7ok tatl\u0131 tarz\u0131yla kesinlikle tavsiyemizdir. Bizim tercihimiz, ek\u015fi mayal\u0131 ekmek diliminin \u00fcst\u00fcnde avokado ve \u00e7\u0131rp\u0131lm\u0131\u015f yumurta ve tabiki kahvesiz olmaz. Buraya 10 puan veriyoruz. \ud83d\udc4d<\/p>\n\n\n\n<p class=\"has-medium-font-size\"><strong>Restaurace Vltava:<\/strong> Ak\u015fam Vltava nehrinde y\u00fcr\u00fcy\u00fc\u015f yap\u0131p, yerel bi restoranda bal\u0131k yemek isterseniz. Kesinlikle buras\u0131 diyoruz. Turistik mekanlara g\u00f6ren fiyatlari da gayet uygundu. Bizce nehrin g\u00fcn bat\u0131m\u0131 manzaras\u0131 ile buras\u0131 kesinlikle not etmelik bi mekan. \u263a\ufe0f<\/p>\n\n\n\n<p><\/p>\n\n\n\n<p class=\"has-medium-font-size\"><strong>Bagel Lounge:<\/strong> Son g\u00fcn otob\u00fcs terminaline yak\u0131n olmas\u0131 i\u00e7in tercih etti\u011fimiz bi mekan. Kendileri yapt\u0131klar\u0131 bagel ekmekleriyle sandvi\u00e7 tercih ettik.<\/p>\n\n\n\n<p><\/p>\n\n\n\n<p class=\"has-medium-font-size\"><strong>*Trdelnik<\/strong>: Me\u015fhur Prag tatl\u0131s\u0131, k\u00f6z\u00fcn \u00fczerinde pi\u015firilen i\u00e7i iste\u011fe ba\u011fl\u0131 dolgulu, d\u0131\u015f\u0131 \u015fekerli hamurdan yap\u0131lan bi tatl\u0131. Gelmi\u015fken denemeden gitmeyelim derseniz. \u00c7ikolata dolgulu tavsiye edilir:)<\/p>\n\n\n\n<div class=\"is-layout-flex wp-container-22 wp-block-columns\">\n<div class=\"is-layout-flow wp-block-column\">\n<figure class=\"wp-block-image size-full is-resized\"><img decoding=\"async\" loading=\"lazy\" src=\"https:\/\/ikisakin.online\/wp-content\/uploads\/2023\/02\/IMG_5876.jpg\" alt=\"\" class=\"wp-image-426\" width=\"384\" height=\"512\" srcset=\"https:\/\/ikisakin.online\/wp-content\/uploads\/2023\/02\/IMG_5876.jpg 1536w, https:\/\/ikisakin.online\/wp-content\/uploads\/2023\/02\/IMG_5876-225x300.jpg 225w, https:\/\/ikisakin.online\/wp-content\/uploads\/2023\/02\/IMG_5876-768x1024.jpg 768w, https:\/\/ikisakin.online\/wp-content\/uploads\/2023\/02\/IMG_5876-1152x1536.jpg 1152w, https:\/\/ikisakin.online\/wp-content\/uploads\/2023\/02\/IMG_5876-600x800.jpg 600w\" sizes=\"(max-width: 384px) 100vw, 384px\" \/><figcaption class=\"wp-element-caption\">Vltava Restoran<\/figcaption><\/figure>\n<\/div>\n\n\n\n<div class=\"is-layout-flow wp-block-column\">\n<figure class=\"wp-block-image size-full is-resized\"><img decoding=\"async\" loading=\"lazy\" src=\"https:\/\/ikisakin.online\/wp-content\/uploads\/2023\/02\/IMG_5784.jpg\" alt=\"\" class=\"wp-image-439\" width=\"512\" height=\"382\" srcset=\"https:\/\/ikisakin.online\/wp-content\/uploads\/2023\/02\/IMG_5784.jpg 2048w, https:\/\/ikisakin.online\/wp-content\/uploads\/2023\/02\/IMG_5784-300x224.jpg 300w, https:\/\/ikisakin.online\/wp-content\/uploads\/2023\/02\/IMG_5784-1024x764.jpg 1024w, https:\/\/ikisakin.online\/wp-content\/uploads\/2023\/02\/IMG_5784-768x573.jpg 768w, https:\/\/ikisakin.online\/wp-content\/uploads\/2023\/02\/IMG_5784-1536x1146.jpg 1536w, https:\/\/ikisakin.online\/wp-content\/uploads\/2023\/02\/IMG_5784-600x448.jpg 600w\" sizes=\"(max-width: 512px) 100vw, 512px\" \/><figcaption class=\"wp-element-caption\">Trdelnik<\/figcaption><\/figure>\n<\/div>\n<\/div>\n","protected":false},"excerpt":{"rendered":"<p>Prag, \u00fcniversite y\u0131llar\u0131nda en \u00e7ok gitmek istedi\u011fim Avrupa \u00fclkesiydi. Tarihi yap\u0131lar\u0131, foto\u011fraflardaki ihti\u015fam\u0131 \u00e7ok b\u00fcy\u00fcl\u00fc bi \u015fehir hissi vermi\u015fti bana. O y\u00fczden spontan bi kararla bi \u00e7\u0131lg\u0131nl\u0131k yap\u0131p, flixbus firmalar\u0131n\u0131n otob\u00fcsleriyle cuma ak\u015fam\u0131 Frankfurt`tan yola \u00e7\u0131kt\u0131k. 2 g\u00fcnl\u00fck&nbsp; bi hafta sonu i\u00e7in gezi planlad\u0131k. Bu otob\u00fcsler iki katl\u0131 ve en \u00f6nemlisi uygun fiyatl\u0131. \u00d6zellikle \u00f6nceden [&hellip;]<\/p>\n","protected":false},"author":1,"featured_media":446,"comment_status":"open","ping_status":"open","sticky":false,"template":"","format":"standard","meta":[],"categories":[28,1],"tags":[26,25,27],"yoast_head":"<!-- This site is optimized with the Yoast SEO plugin v20.3 - https:\/\/yoast.com\/wordpress\/plugins\/seo\/ -->\n<title>Prag`da Gezilecek Yerler -<\/title>\n<meta name=\"robots\" content=\"index, follow, max-snippet:-1, max-image-preview:large, max-video-preview:-1\" \/>\n<link rel=\"canonical\" href=\"https:\/\/ikisakin.online\/index.php\/2022\/06\/15\/pragda-gezilecek-yerler\/\" \/>\n<meta property=\"og:locale\" content=\"tr_TR\" \/>\n<meta property=\"og:type\" content=\"article\" \/>\n<meta property=\"og:title\" content=\"Prag`da Gezilecek Yerler -\" \/>\n<meta property=\"og:description\" content=\"Prag, \u00fcniversite y\u0131llar\u0131nda en \u00e7ok gitmek istedi\u011fim Avrupa \u00fclkesiydi. Tarihi yap\u0131lar\u0131, foto\u011fraflardaki ihti\u015fam\u0131 \u00e7ok b\u00fcy\u00fcl\u00fc bi \u015fehir hissi vermi\u015fti bana. O y\u00fczden spontan bi kararla bi \u00e7\u0131lg\u0131nl\u0131k yap\u0131p, flixbus firmalar\u0131n\u0131n otob\u00fcsleriyle cuma ak\u015fam\u0131 Frankfurt`tan yola \u00e7\u0131kt\u0131k. 2 g\u00fcnl\u00fck&nbsp; bi hafta sonu i\u00e7in gezi planlad\u0131k. Bu otob\u00fcsler iki katl\u0131 ve en \u00f6nemlisi uygun fiyatl\u0131. \u00d6zellikle \u00f6nceden [&hellip;]\" \/>\n<meta property=\"og:url\" content=\"https:\/\/ikisakin.online\/index.php\/2022\/06\/15\/pragda-gezilecek-yerler\/\" \/>\n<meta property=\"article:published_time\" content=\"2022-06-15T15:36:00+00:00\" \/>\n<meta property=\"article:modified_time\" content=\"2023-05-19T19:32:36+00:00\" \/>\n<meta property=\"og:image\" content=\"https:\/\/ikisakin.online\/wp-content\/uploads\/2023\/02\/IMG_6966-edited.jpg\" \/>\n\t<meta property=\"og:image:width\" content=\"1426\" \/>\n\t<meta property=\"og:image:height\" content=\"1069\" \/>\n\t<meta property=\"og:image:type\" content=\"image\/jpeg\" \/>\n<meta name=\"author\" content=\"@ikisakin\" \/>\n<meta name=\"twitter:card\" content=\"summary_large_image\" \/>\n<meta name=\"twitter:label1\" content=\"Yazan:\" \/>\n\t<meta name=\"twitter:data1\" content=\"@ikisakin\" \/>\n\t<meta name=\"twitter:label2\" content=\"Tahmini okuma s\u00fcresi\" \/>\n\t<meta name=\"twitter:data2\" content=\"9 dakika\" \/>\n<script type=\"application\/ld+json\" class=\"yoast-schema-graph\">{\"@context\":\"https:\/\/schema.org\",\"@graph\":[{\"@type\":\"Article\",\"@id\":\"https:\/\/ikisakin.online\/index.php\/2022\/06\/15\/pragda-gezilecek-yerler\/#article\",\"isPartOf\":{\"@id\":\"https:\/\/ikisakin.online\/index.php\/2022\/06\/15\/pragda-gezilecek-yerler\/\"},\"author\":{\"name\":\"@ikisakin\",\"@id\":\"https:\/\/ikisakin.online\/#\/schema\/person\/38954b5147f65563801201fd2b42e923\"},\"headline\":\"Prag`da Gezilecek Yerler\",\"datePublished\":\"2022-06-15T15:36:00+00:00\",\"dateModified\":\"2023-05-19T19:32:36+00:00\",\"mainEntityOfPage\":{\"@id\":\"https:\/\/ikisakin.online\/index.php\/2022\/06\/15\/pragda-gezilecek-yerler\/\"},\"wordCount\":1190,\"commentCount\":0,\"publisher\":{\"@id\":\"https:\/\/ikisakin.online\/#\/schema\/person\/38954b5147f65563801201fd2b42e923\"},\"keywords\":[\"Prag gezi notlar\u0131\",\"Pragda gezilecek yerler\",\"Pragda yeme i\u00e7me tavsiyeleri\"],\"articleSection\":[\"\u00c7ekya\",\"Gezdi\u011fimiz \u00dclkeler\"],\"inLanguage\":\"tr\",\"potentialAction\":[{\"@type\":\"CommentAction\",\"name\":\"Comment\",\"target\":[\"https:\/\/ikisakin.online\/index.php\/2022\/06\/15\/pragda-gezilecek-yerler\/#respond\"]}]},{\"@type\":\"WebPage\",\"@id\":\"https:\/\/ikisakin.online\/index.php\/2022\/06\/15\/pragda-gezilecek-yerler\/\",\"url\":\"https:\/\/ikisakin.online\/index.php\/2022\/06\/15\/pragda-gezilecek-yerler\/\",\"name\":\"Prag`da Gezilecek Yerler -\",\"isPartOf\":{\"@id\":\"https:\/\/ikisakin.online\/#website\"},\"datePublished\":\"2022-06-15T15:36:00+00:00\",\"dateModified\":\"2023-05-19T19:32:36+00:00\",\"breadcrumb\":{\"@id\":\"https:\/\/ikisakin.online\/index.php\/2022\/06\/15\/pragda-gezilecek-yerler\/#breadcrumb\"},\"inLanguage\":\"tr\",\"potentialAction\":[{\"@type\":\"ReadAction\",\"target\":[\"https:\/\/ikisakin.online\/index.php\/2022\/06\/15\/pragda-gezilecek-yerler\/\"]}]},{\"@type\":\"BreadcrumbList\",\"@id\":\"https:\/\/ikisakin.online\/index.php\/2022\/06\/15\/pragda-gezilecek-yerler\/#breadcrumb\",\"itemListElement\":[{\"@type\":\"ListItem\",\"position\":1,\"name\":\"Anasayfa\",\"item\":\"https:\/\/ikisakin.online\/\"},{\"@type\":\"ListItem\",\"position\":2,\"name\":\"Prag`da Gezilecek Yerler\"}]},{\"@type\":\"WebSite\",\"@id\":\"https:\/\/ikisakin.online\/#website\",\"url\":\"https:\/\/ikisakin.online\/\",\"name\":\"iki sakin\",\"description\":\"---bi tutam hayat bi tutam gezi---\",\"publisher\":{\"@id\":\"https:\/\/ikisakin.online\/#\/schema\/person\/38954b5147f65563801201fd2b42e923\"},\"potentialAction\":[{\"@type\":\"SearchAction\",\"target\":{\"@type\":\"EntryPoint\",\"urlTemplate\":\"https:\/\/ikisakin.online\/?s={search_term_string}\"},\"query-input\":\"required name=search_term_string\"}],\"inLanguage\":\"tr\"},{\"@type\":[\"Person\",\"Organization\"],\"@id\":\"https:\/\/ikisakin.online\/#\/schema\/person\/38954b5147f65563801201fd2b42e923\",\"name\":\"@ikisakin\",\"image\":{\"@type\":\"ImageObject\",\"inLanguage\":\"tr\",\"@id\":\"https:\/\/ikisakin.online\/#\/schema\/person\/image\/\",\"url\":\"https:\/\/ikisakin.online\/wp-content\/uploads\/2023\/02\/cropped-iki-sakin-7-2.png\",\"contentUrl\":\"https:\/\/ikisakin.online\/wp-content\/uploads\/2023\/02\/cropped-iki-sakin-7-2.png\",\"width\":150,\"height\":40,\"caption\":\"@ikisakin\"},\"logo\":{\"@id\":\"https:\/\/ikisakin.online\/#\/schema\/person\/image\/\"},\"sameAs\":[\"https:\/\/ikisakin.online\"],\"url\":\"https:\/\/ikisakin.online\/index.php\/author\/muhammedaydin9214\/\"}]}<\/script>\n<!-- \/ Yoast SEO plugin. -->","yoast_head_json":{"title":"Prag`da Gezilecek Yerler -","robots":{"index":"index","follow":"follow","max-snippet":"max-snippet:-1","max-image-preview":"max-image-preview:large","max-video-preview":"max-video-preview:-1"},"canonical":"https:\/\/ikisakin.online\/index.php\/2022\/06\/15\/pragda-gezilecek-yerler\/","og_locale":"tr_TR","og_type":"article","og_title":"Prag`da Gezilecek Yerler -","og_description":"Prag, \u00fcniversite y\u0131llar\u0131nda en \u00e7ok gitmek istedi\u011fim Avrupa \u00fclkesiydi. Tarihi yap\u0131lar\u0131, foto\u011fraflardaki ihti\u015fam\u0131 \u00e7ok b\u00fcy\u00fcl\u00fc bi \u015fehir hissi vermi\u015fti bana. O y\u00fczden spontan bi kararla bi \u00e7\u0131lg\u0131nl\u0131k yap\u0131p, flixbus firmalar\u0131n\u0131n otob\u00fcsleriyle cuma ak\u015fam\u0131 Frankfurt`tan yola \u00e7\u0131kt\u0131k. 2 g\u00fcnl\u00fck&nbsp; bi hafta sonu i\u00e7in gezi planlad\u0131k. Bu otob\u00fcsler iki katl\u0131 ve en \u00f6nemlisi uygun fiyatl\u0131. \u00d6zellikle \u00f6nceden [&hellip;]","og_url":"https:\/\/ikisakin.online\/index.php\/2022\/06\/15\/pragda-gezilecek-yerler\/","article_published_time":"2022-06-15T15:36:00+00:00","article_modified_time":"2023-05-19T19:32:36+00:00","og_image":[{"width":1426,"height":1069,"url":"https:\/\/ikisakin.online\/wp-content\/uploads\/2023\/02\/IMG_6966-edited.jpg","type":"image\/jpeg"}],"author":"@ikisakin","twitter_card":"summary_large_image","twitter_misc":{"Yazan:":"@ikisakin","Tahmini okuma s\u00fcresi":"9 dakika"},"schema":{"@context":"https:\/\/schema.org","@graph":[{"@type":"Article","@id":"https:\/\/ikisakin.online\/index.php\/2022\/06\/15\/pragda-gezilecek-yerler\/#article","isPartOf":{"@id":"https:\/\/ikisakin.online\/index.php\/2022\/06\/15\/pragda-gezilecek-yerler\/"},"author":{"name":"@ikisakin","@id":"https:\/\/ikisakin.online\/#\/schema\/person\/38954b5147f65563801201fd2b42e923"},"headline":"Prag`da Gezilecek Yerler","datePublished":"2022-06-15T15:36:00+00:00","dateModified":"2023-05-19T19:32:36+00:00","mainEntityOfPage":{"@id":"https:\/\/ikisakin.online\/index.php\/2022\/06\/15\/pragda-gezilecek-yerler\/"},"wordCount":1190,"commentCount":0,"publisher":{"@id":"https:\/\/ikisakin.online\/#\/schema\/person\/38954b5147f65563801201fd2b42e923"},"keywords":["Prag gezi notlar\u0131","Pragda gezilecek yerler","Pragda yeme i\u00e7me tavsiyeleri"],"articleSection":["\u00c7ekya","Gezdi\u011fimiz \u00dclkeler"],"inLanguage":"tr","potentialAction":[{"@type":"CommentAction","name":"Comment","target":["https:\/\/ikisakin.online\/index.php\/2022\/06\/15\/pragda-gezilecek-yerler\/#respond"]}]},{"@type":"WebPage","@id":"https:\/\/ikisakin.online\/index.php\/2022\/06\/15\/pragda-gezilecek-yerler\/","url":"https:\/\/ikisakin.online\/index.php\/2022\/06\/15\/pragda-gezilecek-yerler\/","name":"Prag`da Gezilecek Yerler -","isPartOf":{"@id":"https:\/\/ikisakin.online\/#website"},"datePublished":"2022-06-15T15:36:00+00:00","dateModified":"2023-05-19T19:32:36+00:00","breadcrumb":{"@id":"https:\/\/ikisakin.online\/index.php\/2022\/06\/15\/pragda-gezilecek-yerler\/#breadcrumb"},"inLanguage":"tr","potentialAction":[{"@type":"ReadAction","target":["https:\/\/ikisakin.online\/index.php\/2022\/06\/15\/pragda-gezilecek-yerler\/"]}]},{"@type":"BreadcrumbList","@id":"https:\/\/ikisakin.online\/index.php\/2022\/06\/15\/pragda-gezilecek-yerler\/#breadcrumb","itemListElement":[{"@type":"ListItem","position":1,"name":"Anasayfa","item":"https:\/\/ikisakin.online\/"},{"@type":"ListItem","position":2,"name":"Prag`da Gezilecek Yerler"}]},{"@type":"WebSite","@id":"https:\/\/ikisakin.online\/#website","url":"https:\/\/ikisakin.online\/","name":"iki sakin","description":"---bi tutam hayat bi tutam gezi---","publisher":{"@id":"https:\/\/ikisakin.online\/#\/schema\/person\/38954b5147f65563801201fd2b42e923"},"potentialAction":[{"@type":"SearchAction","target":{"@type":"EntryPoint","urlTemplate":"https:\/\/ikisakin.online\/?s={search_term_string}"},"query-input":"required name=search_term_string"}],"inLanguage":"tr"},{"@type":["Person","Organization"],"@id":"https:\/\/ikisakin.online\/#\/schema\/person\/38954b5147f65563801201fd2b42e923","name":"@ikisakin","image":{"@type":"ImageObject","inLanguage":"tr","@id":"https:\/\/ikisakin.online\/#\/schema\/person\/image\/","url":"https:\/\/ikisakin.online\/wp-content\/uploads\/2023\/02\/cropped-iki-sakin-7-2.png","contentUrl":"https:\/\/ikisakin.online\/wp-content\/uploads\/2023\/02\/cropped-iki-sakin-7-2.png","width":150,"height":40,"caption":"@ikisakin"},"logo":{"@id":"https:\/\/ikisakin.online\/#\/schema\/person\/image\/"},"sameAs":["https:\/\/ikisakin.online"],"url":"https:\/\/ikisakin.online\/index.php\/author\/muhammedaydin9214\/"}]}},"_links":{"self":[{"href":"https:\/\/ikisakin.online\/index.php\/wp-json\/wp\/v2\/posts\/425"}],"collection":[{"href":"https:\/\/ikisakin.online\/index.php\/wp-json\/wp\/v2\/posts"}],"about":[{"href":"https:\/\/ikisakin.online\/index.php\/wp-json\/wp\/v2\/types\/post"}],"author":[{"embeddable":true,"href":"https:\/\/ikisakin.online\/index.php\/wp-json\/wp\/v2\/users\/1"}],"replies":[{"embeddable":true,"href":"https:\/\/ikisakin.online\/index.php\/wp-json\/wp\/v2\/comments?post=425"}],"version-history":[{"count":3,"href":"https:\/\/ikisakin.online\/index.php\/wp-json\/wp\/v2\/posts\/425\/revisions"}],"predecessor-version":[{"id":454,"href":"https:\/\/ikisakin.online\/index.php\/wp-json\/wp\/v2\/posts\/425\/revisions\/454"}],"wp:featuredmedia":[{"embeddable":true,"href":"https:\/\/ikisakin.online\/index.php\/wp-json\/wp\/v2\/media\/446"}],"wp:attachment":[{"href":"https:\/\/ikisakin.online\/index.php\/wp-json\/wp\/v2\/media?parent=425"}],"wp:term":[{"taxonomy":"category","embeddable":true,"href":"https:\/\/ikisakin.online\/index.php\/wp-json\/wp\/v2\/categories?post=425"},{"taxonomy":"post_tag","embeddable":true,"href":"https:\/\/ikisakin.online\/index.php\/wp-json\/wp\/v2\/tags?post=425"}],"curies":[{"name":"wp","href":"https:\/\/api.w.org\/{rel}","templated":true}]}}